{"id":6721,"date":"2026-01-26T11:18:14","date_gmt":"2026-01-26T10:18:14","guid":{"rendered":"https:\/\/waterpoloserbia.org\/mandic-rasovic-and-glusac-in-the-ideal-lineup-for-the-european-championship\/"},"modified":"2026-07-02T20:43:45","modified_gmt":"2026-07-02T18:43:45","slug":"mandic-rasovic-and-glusac-in-the-ideal-lineup-for-the-european-championship","status":"publish","type":"post","link":"https:\/\/waterpoloserbia.org\/en\/mandic-rasovic-and-glusac-in-the-ideal-lineup-for-the-european-championship\/","title":{"rendered":"Mandi\u0107, Ra\u0161ovi\u0107 and Glu\u0161ac in the ideal lineup for the European Championship"},"content":{"rendered":"\n<p class=\"wp-block-paragraph\">Serbian top scorer Du\u0161an Mandi\u0107 was named the best player of the final match, in which he scored four goals. He thus became the fifth top scorer of the European Championship with a total of 20 goals in six matches played, after missing two matches due to a red card in the duel with Spain. <\/p>\n\n<p class=\"wp-block-paragraph\">Mandi\u0107 was also included in the ideal team of the 37th European Championship, and besides him, the ideal lineup also includes: Milan Glu\u0161ac, Strahinja Ra\u0161ovi\u0107, Stylianos Argyropoulos (Greece), Kristian Manherc (Hungary), Konstantinos Kakaris (Greece) and Ako\u0161 Nagy (Hungary). <\/p>\n\n<p class=\"wp-block-paragraph\">On behalf of UNIQA Insurance, Mandi\u0107 was presented with the award by Ljiljana Nikoli\u0107, member of the Regional Executive Board of UNIQA Insurance, together with Norbert Madara\u0161, representative of the European Water Sports Federation.<\/p>\n\n<p class=\"wp-block-paragraph\">The awards for the seven most valuable players of the championship were presented by UNIQA Insurance. The awards were presented by Nikola \u0110uki\u0107, President of the Executive Board of UNIQA Insurance, and Ljiljana Nikoli\u0107, Member of the Regional Executive Board of UNIQA Insurance, together with Fernando Karpen and Milo\u0161 Mra\u010devi\u0107, representatives of the European Aquatics Federation. <\/p>\n","protected":false},"excerpt":{"rendered":"<p>Serbian top scorer Du\u0161an Mandi\u0107 was named the best player of the final match, in which he scored four goals. He thus became the fifth top scorer of the European Championship with a total of 20 goals in six matches played, after missing two matches due to a red card in the duel with Spain. [&hellip;]<\/p>\n","protected":false},"author":4,"featured_media":6723,"comment_status":"closed","ping_status":"open","sticky":false,"template":"","format":"standard","meta":{"_uag_custom_page_level_css":"","site-sidebar-layout":"default","site-content-layout":"","ast-site-content-layout":"default","site-content-style":"default","site-sidebar-style":"default","ast-global-header-display":"","ast-banner-title-visibility":"","ast-main-header-display":"","ast-hfb-above-header-display":"","ast-hfb-below-header-display":"","ast-hfb-mobile-header-display":"","site-post-title":"","ast-breadcrumbs-content":"","ast-featured-img":"","footer-sml-layout":"","ast-disable-related-posts":"","theme-transparent-header-meta":"","adv-header-id-meta":"","stick-header-meta":"","header-above-stick-meta":"","header-main-stick-meta":"","header-below-stick-meta":"","astra-migrate-meta-layouts":"default","ast-page-background-enabled":"default","ast-page-background-meta":{"desktop":{"background-color":"","background-image":"","background-repeat":"repeat","background-position":"center center","background-size":"auto","background-attachment":"scroll","background-type":"","background-media":"","overlay-type":"","overlay-color":"","overlay-opacity":"","overlay-gradient":""},"tablet":{"background-color":"","background-image":"","background-repeat":"repeat","background-position":"center center","background-size":"auto","background-attachment":"scroll","background-type":"","background-media":"","overlay-type":"","overlay-color":"","overlay-opacity":"","overlay-gradient":""},"mobile":{"background-color":"","background-image":"","background-repeat":"repeat","background-position":"center center","background-size":"auto","background-attachment":"scroll","background-type":"","background-media":"","overlay-type":"","overlay-color":"","overlay-opacity":"","overlay-gradient":""}},"ast-content-background-meta":{"desktop":{"background-color":"var(--ast-global-color-5)","background-image":"","background-repeat":"repeat","background-position":"center center","background-size":"auto","background-attachment":"scroll","background-type":"","background-media":"","overlay-type":"","overlay-color":"","overlay-opacity":"","overlay-gradient":""},"tablet":{"background-color":"var(--ast-global-color-5)","background-image":"","background-repeat":"repeat","background-position":"center center","background-size":"auto","background-attachment":"scroll","background-type":"","background-media":"","overlay-type":"","overlay-color":"","overlay-opacity":"","overlay-gradient":""},"mobile":{"background-color":"var(--ast-global-color-5)","background-image":"","background-repeat":"repeat","background-position":"center center","background-size":"auto","background-attachment":"scroll","background-type":"","background-media":"","overlay-type":"","overlay-color":"","overlay-opacity":"","overlay-gradient":""}},"footnotes":""},"categories":[57],"tags":[58],"class_list":["post-6721","post","type-post","status-publish","format-standard","has-post-thumbnail","hentry","category-mens-national-team","tag-slider"],"yoast_head":"<!-- This site is optimized with the Yoast SEO plugin v27.5 - https:\/\/yoast.com\/product\/yoast-seo-wordpress\/ -->\n<title>Mandi\u0107, Ra\u0161ovi\u0107 and Glu\u0161ac in the ideal lineup for the European Championship - Serbian Water Polo Federation<\/title>\n<meta name=\"robots\" content=\"index, follow, max-snippet:-1, max-image-preview:large, max-video-preview:-1\" \/>\n<link rel=\"canonical\" href=\"https:\/\/waterpoloserbia.org\/en\/mandic-rasovic-and-glusac-in-the-ideal-lineup-for-the-european-championship\/\" \/>\n<meta property=\"og:locale\" content=\"en_US\" \/>\n<meta property=\"og:type\" content=\"article\" \/>\n<meta property=\"og:title\" content=\"Mandi\u0107, Ra\u0161ovi\u0107 and Glu\u0161ac in the ideal lineup for the European Championship - Serbian Water Polo Federation\" \/>\n<meta property=\"og:description\" content=\"Serbian top scorer Du\u0161an Mandi\u0107 was named the best player of the final match, in which he scored four goals. He thus became the fifth top scorer of the European Championship with a total of 20 goals in six matches played, after missing two matches due to a red card in the duel with Spain. [&hellip;]\" \/>\n<meta property=\"og:url\" content=\"https:\/\/waterpoloserbia.org\/en\/mandic-rasovic-and-glusac-in-the-ideal-lineup-for-the-european-championship\/\" \/>\n<meta property=\"og:site_name\" content=\"Serbian Water Polo Federation\" \/>\n<meta property=\"article:published_time\" content=\"2026-01-26T10:18:14+00:00\" \/>\n<meta property=\"article:modified_time\" content=\"2026-07-02T18:43:45+00:00\" \/>\n<meta property=\"og:image\" content=\"https:\/\/waterpoloserbia.org\/wp-content\/uploads\/2026\/01\/Idealan-tim-Evropskog-prvenstva-2026.jpg\" \/>\n\t<meta property=\"og:image:width\" content=\"1000\" \/>\n\t<meta property=\"og:image:height\" content=\"531\" \/>\n\t<meta property=\"og:image:type\" content=\"image\/jpeg\" \/>\n<meta name=\"author\" content=\"Igor \u017darkovi\u0107\" \/>\n<meta name=\"twitter:card\" content=\"summary_large_image\" \/>\n<meta name=\"twitter:label1\" content=\"Written by\" \/>\n\t<meta name=\"twitter:data1\" content=\"Igor \u017darkovi\u0107\" \/>\n\t<meta name=\"twitter:label2\" content=\"Est. reading time\" \/>\n\t<meta name=\"twitter:data2\" content=\"1 minute\" \/>\n<script type=\"application\/ld+json\" class=\"yoast-schema-graph\">{\"@context\":\"https:\\\/\\\/schema.org\",\"@graph\":[{\"@type\":\"Article\",\"@id\":\"https:\\\/\\\/waterpoloserbia.org\\\/en\\\/mandic-rasovic-and-glusac-in-the-ideal-lineup-for-the-european-championship\\\/#article\",\"isPartOf\":{\"@id\":\"https:\\\/\\\/waterpoloserbia.org\\\/en\\\/mandic-rasovic-and-glusac-in-the-ideal-lineup-for-the-european-championship\\\/\"},\"author\":{\"name\":\"Igor \u017darkovi\u0107\",\"@id\":\"https:\\\/\\\/waterpoloserbia.org\\\/en\\\/#\\\/schema\\\/person\\\/5d8a932918826bb25728fcc911117da9\"},\"headline\":\"Mandi\u0107, Ra\u0161ovi\u0107 and Glu\u0161ac in the ideal lineup for the European Championship\",\"datePublished\":\"2026-01-26T10:18:14+00:00\",\"dateModified\":\"2026-07-02T18:43:45+00:00\",\"mainEntityOfPage\":{\"@id\":\"https:\\\/\\\/waterpoloserbia.org\\\/en\\\/mandic-rasovic-and-glusac-in-the-ideal-lineup-for-the-european-championship\\\/\"},\"wordCount\":200,\"publisher\":{\"@id\":\"https:\\\/\\\/waterpoloserbia.org\\\/en\\\/#organization\"},\"image\":{\"@id\":\"https:\\\/\\\/waterpoloserbia.org\\\/en\\\/mandic-rasovic-and-glusac-in-the-ideal-lineup-for-the-european-championship\\\/#primaryimage\"},\"thumbnailUrl\":\"https:\\\/\\\/waterpoloserbia.org\\\/wp-content\\\/uploads\\\/2026\\\/01\\\/Idealan-tim-Evropskog-prvenstva-2026.jpg\",\"keywords\":[\"Slider\"],\"articleSection\":[\"Men's National Team\"],\"inLanguage\":\"en-US\"},{\"@type\":\"WebPage\",\"@id\":\"https:\\\/\\\/waterpoloserbia.org\\\/en\\\/mandic-rasovic-and-glusac-in-the-ideal-lineup-for-the-european-championship\\\/\",\"url\":\"https:\\\/\\\/waterpoloserbia.org\\\/en\\\/mandic-rasovic-and-glusac-in-the-ideal-lineup-for-the-european-championship\\\/\",\"name\":\"Mandi\u0107, Ra\u0161ovi\u0107 and Glu\u0161ac in the ideal lineup for the European Championship - Serbian Water Polo Federation\",\"isPartOf\":{\"@id\":\"https:\\\/\\\/waterpoloserbia.org\\\/en\\\/#website\"},\"primaryImageOfPage\":{\"@id\":\"https:\\\/\\\/waterpoloserbia.org\\\/en\\\/mandic-rasovic-and-glusac-in-the-ideal-lineup-for-the-european-championship\\\/#primaryimage\"},\"image\":{\"@id\":\"https:\\\/\\\/waterpoloserbia.org\\\/en\\\/mandic-rasovic-and-glusac-in-the-ideal-lineup-for-the-european-championship\\\/#primaryimage\"},\"thumbnailUrl\":\"https:\\\/\\\/waterpoloserbia.org\\\/wp-content\\\/uploads\\\/2026\\\/01\\\/Idealan-tim-Evropskog-prvenstva-2026.jpg\",\"datePublished\":\"2026-01-26T10:18:14+00:00\",\"dateModified\":\"2026-07-02T18:43:45+00:00\",\"breadcrumb\":{\"@id\":\"https:\\\/\\\/waterpoloserbia.org\\\/en\\\/mandic-rasovic-and-glusac-in-the-ideal-lineup-for-the-european-championship\\\/#breadcrumb\"},\"inLanguage\":\"en-US\",\"potentialAction\":[{\"@type\":\"ReadAction\",\"target\":[\"https:\\\/\\\/waterpoloserbia.org\\\/en\\\/mandic-rasovic-and-glusac-in-the-ideal-lineup-for-the-european-championship\\\/\"]}]},{\"@type\":\"ImageObject\",\"inLanguage\":\"en-US\",\"@id\":\"https:\\\/\\\/waterpoloserbia.org\\\/en\\\/mandic-rasovic-and-glusac-in-the-ideal-lineup-for-the-european-championship\\\/#primaryimage\",\"url\":\"https:\\\/\\\/waterpoloserbia.org\\\/wp-content\\\/uploads\\\/2026\\\/01\\\/Idealan-tim-Evropskog-prvenstva-2026.jpg\",\"contentUrl\":\"https:\\\/\\\/waterpoloserbia.org\\\/wp-content\\\/uploads\\\/2026\\\/01\\\/Idealan-tim-Evropskog-prvenstva-2026.jpg\",\"width\":1000,\"height\":531,\"caption\":\"(Photo: Slobodan Sandi\u0107, Water Polo Federation of Serbia)\"},{\"@type\":\"BreadcrumbList\",\"@id\":\"https:\\\/\\\/waterpoloserbia.org\\\/en\\\/mandic-rasovic-and-glusac-in-the-ideal-lineup-for-the-european-championship\\\/#breadcrumb\",\"itemListElement\":[{\"@type\":\"ListItem\",\"position\":1,\"name\":\"Home\",\"item\":\"https:\\\/\\\/waterpoloserbia.org\\\/en\\\/\"},{\"@type\":\"ListItem\",\"position\":2,\"name\":\"Mandi\u0107, Ra\u0161ovi\u0107 and Glu\u0161ac in the ideal lineup for the European Championship\"}]},{\"@type\":\"WebSite\",\"@id\":\"https:\\\/\\\/waterpoloserbia.org\\\/en\\\/#website\",\"url\":\"https:\\\/\\\/waterpoloserbia.org\\\/en\\\/\",\"name\":\"Serbian Water Polo Federation\",\"description\":\"Zvani\u010dna prezentacija Vaterpolo saveza Srbije\",\"publisher\":{\"@id\":\"https:\\\/\\\/waterpoloserbia.org\\\/en\\\/#organization\"},\"potentialAction\":[{\"@type\":\"SearchAction\",\"target\":{\"@type\":\"EntryPoint\",\"urlTemplate\":\"https:\\\/\\\/waterpoloserbia.org\\\/en\\\/?s={search_term_string}\"},\"query-input\":{\"@type\":\"PropertyValueSpecification\",\"valueRequired\":true,\"valueName\":\"search_term_string\"}}],\"inLanguage\":\"en-US\"},{\"@type\":\"Organization\",\"@id\":\"https:\\\/\\\/waterpoloserbia.org\\\/en\\\/#organization\",\"name\":\"Serbian Water Polo Federation\",\"url\":\"https:\\\/\\\/waterpoloserbia.org\\\/en\\\/\",\"logo\":{\"@type\":\"ImageObject\",\"inLanguage\":\"en-US\",\"@id\":\"https:\\\/\\\/waterpoloserbia.org\\\/en\\\/#\\\/schema\\\/logo\\\/image\\\/\",\"url\":\"https:\\\/\\\/waterpoloserbia.org\\\/wp-content\\\/uploads\\\/2026\\\/07\\\/cropped-SVS-LOGO-ZA-SAJT.png\",\"contentUrl\":\"https:\\\/\\\/waterpoloserbia.org\\\/wp-content\\\/uploads\\\/2026\\\/07\\\/cropped-SVS-LOGO-ZA-SAJT.png\",\"width\":1354,\"height\":1265,\"caption\":\"Serbian Water Polo Federation\"},\"image\":{\"@id\":\"https:\\\/\\\/waterpoloserbia.org\\\/en\\\/#\\\/schema\\\/logo\\\/image\\\/\"}},{\"@type\":\"Person\",\"@id\":\"https:\\\/\\\/waterpoloserbia.org\\\/en\\\/#\\\/schema\\\/person\\\/5d8a932918826bb25728fcc911117da9\",\"name\":\"Igor \u017darkovi\u0107\",\"image\":{\"@type\":\"ImageObject\",\"inLanguage\":\"en-US\",\"@id\":\"https:\\\/\\\/secure.gravatar.com\\\/avatar\\\/46956109415d5c4997bde428028b9a9b8ee5718fa694a05f5b88605762228b6b?s=96&d=mm&r=g\",\"url\":\"https:\\\/\\\/secure.gravatar.com\\\/avatar\\\/46956109415d5c4997bde428028b9a9b8ee5718fa694a05f5b88605762228b6b?s=96&d=mm&r=g\",\"contentUrl\":\"https:\\\/\\\/secure.gravatar.com\\\/avatar\\\/46956109415d5c4997bde428028b9a9b8ee5718fa694a05f5b88605762228b6b?s=96&d=mm&r=g\",\"caption\":\"Igor \u017darkovi\u0107\"},\"url\":\"https:\\\/\\\/waterpoloserbia.org\\\/en\\\/author\\\/igor\\\/\"}]}<\/script>\n<!-- \/ Yoast SEO plugin. -->","yoast_head_json":{"title":"Mandi\u0107, Ra\u0161ovi\u0107 and Glu\u0161ac in the ideal lineup for the European Championship - Serbian Water Polo Federation","robots":{"index":"index","follow":"follow","max-snippet":"max-snippet:-1","max-image-preview":"max-image-preview:large","max-video-preview":"max-video-preview:-1"},"canonical":"https:\/\/waterpoloserbia.org\/en\/mandic-rasovic-and-glusac-in-the-ideal-lineup-for-the-european-championship\/","og_locale":"en_US","og_type":"article","og_title":"Mandi\u0107, Ra\u0161ovi\u0107 and Glu\u0161ac in the ideal lineup for the European Championship - Serbian Water Polo Federation","og_description":"Serbian top scorer Du\u0161an Mandi\u0107 was named the best player of the final match, in which he scored four goals. He thus became the fifth top scorer of the European Championship with a total of 20 goals in six matches played, after missing two matches due to a red card in the duel with Spain. [&hellip;]","og_url":"https:\/\/waterpoloserbia.org\/en\/mandic-rasovic-and-glusac-in-the-ideal-lineup-for-the-european-championship\/","og_site_name":"Serbian Water Polo Federation","article_published_time":"2026-01-26T10:18:14+00:00","article_modified_time":"2026-07-02T18:43:45+00:00","og_image":[{"width":1000,"height":531,"url":"https:\/\/waterpoloserbia.org\/wp-content\/uploads\/2026\/01\/Idealan-tim-Evropskog-prvenstva-2026.jpg","type":"image\/jpeg"}],"author":"Igor \u017darkovi\u0107","twitter_card":"summary_large_image","twitter_misc":{"Written by":"Igor \u017darkovi\u0107","Est. reading time":"1 minute"},"schema":{"@context":"https:\/\/schema.org","@graph":[{"@type":"Article","@id":"https:\/\/waterpoloserbia.org\/en\/mandic-rasovic-and-glusac-in-the-ideal-lineup-for-the-european-championship\/#article","isPartOf":{"@id":"https:\/\/waterpoloserbia.org\/en\/mandic-rasovic-and-glusac-in-the-ideal-lineup-for-the-european-championship\/"},"author":{"name":"Igor \u017darkovi\u0107","@id":"https:\/\/waterpoloserbia.org\/en\/#\/schema\/person\/5d8a932918826bb25728fcc911117da9"},"headline":"Mandi\u0107, Ra\u0161ovi\u0107 and Glu\u0161ac in the ideal lineup for the European Championship","datePublished":"2026-01-26T10:18:14+00:00","dateModified":"2026-07-02T18:43:45+00:00","mainEntityOfPage":{"@id":"https:\/\/waterpoloserbia.org\/en\/mandic-rasovic-and-glusac-in-the-ideal-lineup-for-the-european-championship\/"},"wordCount":200,"publisher":{"@id":"https:\/\/waterpoloserbia.org\/en\/#organization"},"image":{"@id":"https:\/\/waterpoloserbia.org\/en\/mandic-rasovic-and-glusac-in-the-ideal-lineup-for-the-european-championship\/#primaryimage"},"thumbnailUrl":"https:\/\/waterpoloserbia.org\/wp-content\/uploads\/2026\/01\/Idealan-tim-Evropskog-prvenstva-2026.jpg","keywords":["Slider"],"articleSection":["Men's National Team"],"inLanguage":"en-US"},{"@type":"WebPage","@id":"https:\/\/waterpoloserbia.org\/en\/mandic-rasovic-and-glusac-in-the-ideal-lineup-for-the-european-championship\/","url":"https:\/\/waterpoloserbia.org\/en\/mandic-rasovic-and-glusac-in-the-ideal-lineup-for-the-european-championship\/","name":"Mandi\u0107, Ra\u0161ovi\u0107 and Glu\u0161ac in the ideal lineup for the European Championship - Serbian Water Polo Federation","isPartOf":{"@id":"https:\/\/waterpoloserbia.org\/en\/#website"},"primaryImageOfPage":{"@id":"https:\/\/waterpoloserbia.org\/en\/mandic-rasovic-and-glusac-in-the-ideal-lineup-for-the-european-championship\/#primaryimage"},"image":{"@id":"https:\/\/waterpoloserbia.org\/en\/mandic-rasovic-and-glusac-in-the-ideal-lineup-for-the-european-championship\/#primaryimage"},"thumbnailUrl":"https:\/\/waterpoloserbia.org\/wp-content\/uploads\/2026\/01\/Idealan-tim-Evropskog-prvenstva-2026.jpg","datePublished":"2026-01-26T10:18:14+00:00","dateModified":"2026-07-02T18:43:45+00:00","breadcrumb":{"@id":"https:\/\/waterpoloserbia.org\/en\/mandic-rasovic-and-glusac-in-the-ideal-lineup-for-the-european-championship\/#breadcrumb"},"inLanguage":"en-US","potentialAction":[{"@type":"ReadAction","target":["https:\/\/waterpoloserbia.org\/en\/mandic-rasovic-and-glusac-in-the-ideal-lineup-for-the-european-championship\/"]}]},{"@type":"ImageObject","inLanguage":"en-US","@id":"https:\/\/waterpoloserbia.org\/en\/mandic-rasovic-and-glusac-in-the-ideal-lineup-for-the-european-championship\/#primaryimage","url":"https:\/\/waterpoloserbia.org\/wp-content\/uploads\/2026\/01\/Idealan-tim-Evropskog-prvenstva-2026.jpg","contentUrl":"https:\/\/waterpoloserbia.org\/wp-content\/uploads\/2026\/01\/Idealan-tim-Evropskog-prvenstva-2026.jpg","width":1000,"height":531,"caption":"(Photo: Slobodan Sandi\u0107, Water Polo Federation of Serbia)"},{"@type":"BreadcrumbList","@id":"https:\/\/waterpoloserbia.org\/en\/mandic-rasovic-and-glusac-in-the-ideal-lineup-for-the-european-championship\/#breadcrumb","itemListElement":[{"@type":"ListItem","position":1,"name":"Home","item":"https:\/\/waterpoloserbia.org\/en\/"},{"@type":"ListItem","position":2,"name":"Mandi\u0107, Ra\u0161ovi\u0107 and Glu\u0161ac in the ideal lineup for the European Championship"}]},{"@type":"WebSite","@id":"https:\/\/waterpoloserbia.org\/en\/#website","url":"https:\/\/waterpoloserbia.org\/en\/","name":"Serbian Water Polo Federation","description":"Zvani\u010dna prezentacija Vaterpolo saveza Srbije","publisher":{"@id":"https:\/\/waterpoloserbia.org\/en\/#organization"},"potentialAction":[{"@type":"SearchAction","target":{"@type":"EntryPoint","urlTemplate":"https:\/\/waterpoloserbia.org\/en\/?s={search_term_string}"},"query-input":{"@type":"PropertyValueSpecification","valueRequired":true,"valueName":"search_term_string"}}],"inLanguage":"en-US"},{"@type":"Organization","@id":"https:\/\/waterpoloserbia.org\/en\/#organization","name":"Serbian Water Polo Federation","url":"https:\/\/waterpoloserbia.org\/en\/","logo":{"@type":"ImageObject","inLanguage":"en-US","@id":"https:\/\/waterpoloserbia.org\/en\/#\/schema\/logo\/image\/","url":"https:\/\/waterpoloserbia.org\/wp-content\/uploads\/2026\/07\/cropped-SVS-LOGO-ZA-SAJT.png","contentUrl":"https:\/\/waterpoloserbia.org\/wp-content\/uploads\/2026\/07\/cropped-SVS-LOGO-ZA-SAJT.png","width":1354,"height":1265,"caption":"Serbian Water Polo Federation"},"image":{"@id":"https:\/\/waterpoloserbia.org\/en\/#\/schema\/logo\/image\/"}},{"@type":"Person","@id":"https:\/\/waterpoloserbia.org\/en\/#\/schema\/person\/5d8a932918826bb25728fcc911117da9","name":"Igor \u017darkovi\u0107","image":{"@type":"ImageObject","inLanguage":"en-US","@id":"https:\/\/secure.gravatar.com\/avatar\/46956109415d5c4997bde428028b9a9b8ee5718fa694a05f5b88605762228b6b?s=96&d=mm&r=g","url":"https:\/\/secure.gravatar.com\/avatar\/46956109415d5c4997bde428028b9a9b8ee5718fa694a05f5b88605762228b6b?s=96&d=mm&r=g","contentUrl":"https:\/\/secure.gravatar.com\/avatar\/46956109415d5c4997bde428028b9a9b8ee5718fa694a05f5b88605762228b6b?s=96&d=mm&r=g","caption":"Igor \u017darkovi\u0107"},"url":"https:\/\/waterpoloserbia.org\/en\/author\/igor\/"}]}},"uagb_featured_image_src":{"full":["https:\/\/waterpoloserbia.org\/wp-content\/uploads\/2026\/01\/Idealan-tim-Evropskog-prvenstva-2026.jpg",1000,531,false],"thumbnail":["https:\/\/waterpoloserbia.org\/wp-content\/uploads\/2026\/01\/Idealan-tim-Evropskog-prvenstva-2026-150x150.jpg",150,150,true],"medium":["https:\/\/waterpoloserbia.org\/wp-content\/uploads\/2026\/01\/Idealan-tim-Evropskog-prvenstva-2026-300x159.jpg",300,159,true],"medium_large":["https:\/\/waterpoloserbia.org\/wp-content\/uploads\/2026\/01\/Idealan-tim-Evropskog-prvenstva-2026-768x408.jpg",768,408,true],"large":["https:\/\/waterpoloserbia.org\/wp-content\/uploads\/2026\/01\/Idealan-tim-Evropskog-prvenstva-2026.jpg",1000,531,false],"1536x1536":["https:\/\/waterpoloserbia.org\/wp-content\/uploads\/2026\/01\/Idealan-tim-Evropskog-prvenstva-2026.jpg",1000,531,false],"2048x2048":["https:\/\/waterpoloserbia.org\/wp-content\/uploads\/2026\/01\/Idealan-tim-Evropskog-prvenstva-2026.jpg",1000,531,false]},"uagb_author_info":{"display_name":"Igor \u017darkovi\u0107","author_link":"https:\/\/waterpoloserbia.org\/en\/author\/igor\/"},"uagb_comment_info":0,"uagb_excerpt":"Serbian top scorer Du\u0161an Mandi\u0107 was named the best player of the final match, in which he scored four goals. He thus became the fifth top scorer of the European Championship with a total of 20 goals in six matches played, after missing two matches due to a red card in the duel with Spain.&hellip;","_links":{"self":[{"href":"https:\/\/waterpoloserbia.org\/en\/wp-json\/wp\/v2\/posts\/6721","targetHints":{"allow":["GET"]}}],"collection":[{"href":"https:\/\/waterpoloserbia.org\/en\/wp-json\/wp\/v2\/posts"}],"about":[{"href":"https:\/\/waterpoloserbia.org\/en\/wp-json\/wp\/v2\/types\/post"}],"author":[{"embeddable":true,"href":"https:\/\/waterpoloserbia.org\/en\/wp-json\/wp\/v2\/users\/4"}],"replies":[{"embeddable":true,"href":"https:\/\/waterpoloserbia.org\/en\/wp-json\/wp\/v2\/comments?post=6721"}],"version-history":[{"count":2,"href":"https:\/\/waterpoloserbia.org\/en\/wp-json\/wp\/v2\/posts\/6721\/revisions"}],"predecessor-version":[{"id":6726,"href":"https:\/\/waterpoloserbia.org\/en\/wp-json\/wp\/v2\/posts\/6721\/revisions\/6726"}],"wp:featuredmedia":[{"embeddable":true,"href":"https:\/\/waterpoloserbia.org\/en\/wp-json\/wp\/v2\/media\/6723"}],"wp:attachment":[{"href":"https:\/\/waterpoloserbia.org\/en\/wp-json\/wp\/v2\/media?parent=6721"}],"wp:term":[{"taxonomy":"category","embeddable":true,"href":"https:\/\/waterpoloserbia.org\/en\/wp-json\/wp\/v2\/categories?post=6721"},{"taxonomy":"post_tag","embeddable":true,"href":"https:\/\/waterpoloserbia.org\/en\/wp-json\/wp\/v2\/tags?post=6721"}],"curies":[{"name":"wp","href":"https:\/\/api.w.org\/{rel}","templated":true}]}}